{"id":545,"date":"2008-10-25T13:00:06","date_gmt":"2008-10-25T12:00:06","guid":{"rendered":"http:\/\/www.thetawelle.de\/?p=545"},"modified":"2008-10-26T21:37:19","modified_gmt":"2008-10-26T20:37:19","slug":"iphone-tech-talks-2008-munchen","status":"publish","type":"post","link":"https:\/\/www.thetawelle.de\/?p=545","title":{"rendered":"iPhone Tech Talks 2008, M\u00fcnchen"},"content":{"rendered":"<p>Apple veranstaltet dieser Tage eine <strong>&#8222;World Tour&#8220;<\/strong> rund um die Technologie des iPhone. Gestern fanden die <a href=\"http:\/\/developer.apple.com\/events\/iphone\/techtalks\/\">iPhone Tech Talks 2008<\/a> in M\u00fcnchen statt. \u00dcber Inhalte dieses Event darf man als Entwickler leider nichts bloggen, keine Fotos ver\u00f6ffentlichen und auch sonst steht man unter der sogenannten NDA (Non-disclosure Agreement).<br \/>\n<center><img src='\/wp-upload\/iphone_tech_talks_3.jpg' alt='iphone_tech_talks_3.jpg' class=\"aligncenter\" \/><br \/><small>Foto vom Audimax der TU M\u00fcnchen (Veranstaltungsort)<\/small><\/center><br \/>\nDementsprechend kann ich mich hier nur zu Nicht-Veranstaltungsinhalten \u00e4u\u00dfern. Die Veranstaltung hat mir sehr gut gefallen. Es war keine Seltenheit, so wie in dem &#8211; Foto vor dem Audimax gezeigt &#8211; Leute zu sehen, die sich alle wie gebannt um ein iPhone herum versammelt haben, um irgendetwas Neues anzugucken. Fast schon eine Art <strong>modernes Lagerfeuer<\/strong>. :-D<\/p>\n<p>Ich habe vor allem viele Entwickler und Geeks wiedergetroffen, die ich teilweise in den letzten Jahren aus den Augen verloren hatte. Es war neben den Inhalten (\u00fcber die ich hier nicht bloggen werde) einfach sch\u00f6n alle mal wieder zu treffen. Nach dem Event haben wir noch ein kleines <strong>&#8222;Post-Dev-Talk-Chilling&#8220;<\/strong> in einer netten kleinen Bier-Lokalit\u00e4t um die Ecke bei der TU M\u00fcnchen abgehalten, bei dem es nicht minder interessant zuging und im Durchschnitt mindestens ein iPhone zu jedem Zeitpunkt auf dem Tisch lag. Insgesamt ist es ein sehr spannender Tag gewesen und f\u00fcr mich pers\u00f6nlich der kleine aber entscheidende &#8222;Kick&#8220;, der mich einen Schritt weiter gebracht hat.<\/p>\n<p>Interessant ist auch, was <strong>Steve Jobs<\/strong> als Chef von Apple zu der Zukunft des (Mobil)Telefons zu sagen hat:<\/p>\n<blockquote><p>\u201cPhone differentiation used to be about radios and antennas and things like that. We think, going forward, the phone of the future will be differentiated by software.\u201d \u2014Steve Jobs, CEO of Apple<br \/>\nQuelle: <a href=\"http:\/\/www.medialets.com\/ecosystem\/\">medialets.com<\/a><\/p><\/blockquote>\n<p>Meiner Ansicht nach ist der Zeitpunkt schon l\u00e4ngst \u00fcberf\u00e4lllig, dass man <strong>Personal-WLAN-Everywhere<\/strong> also mobiles DSL per Flatrate in jeden Rechner einbauen sollte. Wie oft ist es auf BarCamps, anderen Konferenzen und teilweise sogar bei der Arbeit ein \u00c4rgernis, wenn das WLAN nicht geht. Warum also nicht die paar kleinen Chips eines Mobiltelefons in den Rechner noch reinstecken? Ich w\u00e4re gerne der erste, der ein MacBook mit solcherlei Mobil-Flatrate nutzen w\u00fcrde. (Und nein: Ich will keine Extrager\u00e4te daf\u00fcr anstecken, mitschleppen, oder m\u00fchsam kompatible Vertr\u00e4ge daf\u00fcr zusammenkaufen, die ung\u00fcltig werden, wen ich das Ger\u00e4t erneuere).<\/p>\n","protected":false},"excerpt":{"rendered":"<p>Apple veranstaltet dieser Tage eine &#8222;World Tour&#8220; rund um die Technologie des iPhone. Gestern fanden die iPhone Tech Talks 2008 in M\u00fcnchen statt. \u00dcber Inhalte dieses Event darf man als Entwickler leider nichts bloggen, keine Fotos ver\u00f6ffentlichen und auch sonst steht man unter der sogenannten NDA (Non-disclosure Agreement). Foto vom Audimax der TU M\u00fcnchen (Veranstaltungsort) &hellip; <a href=\"https:\/\/www.thetawelle.de\/?p=545\" class=\"more-link\"><span class=\"screen-reader-text\">\u201eiPhone Tech Talks 2008, M\u00fcnchen\u201c <\/span>weiterlesen<\/a><\/p>\n","protected":false},"author":1,"featured_media":0,"comment_status":"open","ping_status":"open","sticky":false,"template":"","format":"standard","meta":{"footnotes":""},"categories":[16,29],"tags":[],"class_list":["post-545","post","type-post","status-publish","format-standard","hentry","category-breaking-news","category-munchen"],"_links":{"self":[{"href":"https:\/\/www.thetawelle.de\/index.php?rest_route=\/wp\/v2\/posts\/545","targetHints":{"allow":["GET"]}}],"collection":[{"href":"https:\/\/www.thetawelle.de\/index.php?rest_route=\/wp\/v2\/posts"}],"about":[{"href":"https:\/\/www.thetawelle.de\/index.php?rest_route=\/wp\/v2\/types\/post"}],"author":[{"embeddable":true,"href":"https:\/\/www.thetawelle.de\/index.php?rest_route=\/wp\/v2\/users\/1"}],"replies":[{"embeddable":true,"href":"https:\/\/www.thetawelle.de\/index.php?rest_route=%2Fwp%2Fv2%2Fcomments&post=545"}],"version-history":[{"count":0,"href":"https:\/\/www.thetawelle.de\/index.php?rest_route=\/wp\/v2\/posts\/545\/revisions"}],"wp:attachment":[{"href":"https:\/\/www.thetawelle.de\/index.php?rest_route=%2Fwp%2Fv2%2Fmedia&parent=545"}],"wp:term":[{"taxonomy":"category","embeddable":true,"href":"https:\/\/www.thetawelle.de\/index.php?rest_route=%2Fwp%2Fv2%2Fcategories&post=545"},{"taxonomy":"post_tag","embeddable":true,"href":"https:\/\/www.thetawelle.de\/index.php?rest_route=%2Fwp%2Fv2%2Ftags&post=545"}],"curies":[{"name":"wp","href":"https:\/\/api.w.org\/{rel}","templated":true}]}}