{"id":3751,"date":"2014-04-03T22:45:46","date_gmt":"2014-04-03T21:45:46","guid":{"rendered":"http:\/\/www.thetawelle.de\/?p=3751"},"modified":"2025-08-29T10:17:09","modified_gmt":"2025-08-29T09:17:09","slug":"rebranding-germany","status":"publish","type":"post","link":"https:\/\/www.thetawelle.de\/?p=3751","title":{"rendered":"Rebranding Germany"},"content":{"rendered":"<p>Wusstet ihr, dass es mal eine Initiative gab (vor 15 Jahren), <strong>Deutschland mit einer neuen Flagge<\/strong> zu versehen? Und der Vorschlag war sogar richtig gut. Am 10. Januar 1999 hat das ZDF dar\u00fcber mal berichtet in einer verlorenen Sendung zu \u00fcbelster Sendezeit so nach 22 Uhr.<\/p>\n<p>Ich hab jetzt beim Aufr\u00e4umen <strong>ein paar Screenshots<\/strong> gefunden und dachte mir, hey, warum berichtet da eigentlich keiner mehr dr\u00fcber, die Idee war gar nicht so bl\u00f6d. Deshalb packe ich die Bilder jetzt mal hier her. <em>Viel Spa\u00df damit! <\/em><\/p>\n<p><center><br \/>\n<a href=\"\/wp-upload\/DE_01_550.png\"><img loading=\"lazy\" decoding=\"async\" data-id=\"3752\"  src=\"\/wp-upload\/DE_01_550.png\" alt=\"\" width=\"550\" height=\"437\" class=\"aligncenter size-full wp-image-3752\" srcset=\"https:\/\/www.thetawelle.de\/wp-upload\/DE_01_550.png 550w, https:\/\/www.thetawelle.de\/wp-upload\/DE_01_550-300x238.png 300w\" sizes=\"auto, (max-width: 550px) 85vw, 550px\" \/><\/a><\/p>\n<p><a href=\"\/wp-upload\/DE_02_550.png\"><img loading=\"lazy\" decoding=\"async\" data-id=\"3753\"  src=\"\/wp-upload\/DE_02_550.png\" alt=\"\" width=\"550\" height=\"437\" class=\"aligncenter size-full wp-image-3753\" srcset=\"https:\/\/www.thetawelle.de\/wp-upload\/DE_02_550.png 550w, https:\/\/www.thetawelle.de\/wp-upload\/DE_02_550-300x238.png 300w\" sizes=\"auto, (max-width: 550px) 85vw, 550px\" \/><\/a><\/p>\n<p><a href=\"\/wp-upload\/DE_03_550.png\"><img loading=\"lazy\" decoding=\"async\" data-id=\"3754\"  src=\"\/wp-upload\/DE_03_550.png\" alt=\"\" width=\"550\" height=\"437\" class=\"aligncenter size-full wp-image-3754\" srcset=\"https:\/\/www.thetawelle.de\/wp-upload\/DE_03_550.png 550w, https:\/\/www.thetawelle.de\/wp-upload\/DE_03_550-300x238.png 300w\" sizes=\"auto, (max-width: 550px) 85vw, 550px\" \/><\/a><\/p>\n<p><a href=\"\/wp-upload\/DE_04_550.png\"><img loading=\"lazy\" decoding=\"async\" data-id=\"3755\"  src=\"\/wp-upload\/DE_04_550.png\" alt=\"\" width=\"320\" height=\"254\" class=\"aligncenter size-full wp-image-3755\" srcset=\"https:\/\/www.thetawelle.de\/wp-upload\/DE_04_550.png 320w, https:\/\/www.thetawelle.de\/wp-upload\/DE_04_550-300x238.png 300w\" sizes=\"auto, (max-width: 320px) 85vw, 320px\" \/><\/a><br \/>\n<small><strong>Quelle:<\/strong> Kathodenstrahlcontent\/ZDF<\/small><br \/>\n<\/center><\/p>\n<h3>Europa. Grenzenlos.<\/h3>\n<p>Irgendwie hat mich auch der Slogan der <blink>Piraten<\/blink> <a href=\"https:\/\/www.piratenpartei.de\/2014\/01\/21\/europa-grenzenlos\/\">&#8222;Europa grenzenlos&#8220;<\/a> an dieses Flaggen-Rebranding erinnert. Denn da wird ja auch das <strong>&#8222;Borderless&#8220;<\/strong> betont.<\/p>\n<p><strong>Siehe auch folgende Plakate:<\/strong><br \/>\n<center><br \/>\n[cycloneslider id=&#8220;piratenkampagne-2014-europa-grenzenlos&#8220;]<br \/>\n<\/center><\/p>\n<h2>UPDATE 29.8.2025: Ramelow will neue Hymne und Abstimmung \u00fcber Flagge.<\/h2>\n<p><a href=\"https:\/\/www.thetawelle.de\/wp-upload\/ramelow_flagge.jpeg\"><img loading=\"lazy\" decoding=\"async\" src=\"https:\/\/www.thetawelle.de\/wp-upload\/ramelow_flagge-300x300.jpeg\" alt=\"\" width=\"300\" height=\"300\" class=\"alignright size-medium wp-image-8047\" srcset=\"https:\/\/www.thetawelle.de\/wp-upload\/ramelow_flagge-300x300.jpeg 300w, https:\/\/www.thetawelle.de\/wp-upload\/ramelow_flagge-150x150.jpeg 150w, https:\/\/www.thetawelle.de\/wp-upload\/ramelow_flagge.jpeg 656w\" sizes=\"auto, (max-width: 300px) 85vw, 300px\" \/><\/a><strong>Bodo Ramelow pl\u00e4diert f\u00fcr neue Nationalhymne<\/strong><\/p>\n<blockquote><p>Eine neue Hymne m\u00fcsse Ost und West n\u00e4her zusammenbringen, fordert Bundestagsvizepr\u00e4sident Bodo Ramelow. Er fordert zudem eine Abstimmung \u00fcber die Bundesflagge.<\/p><\/blockquote>\n<p><strong>QUELLE:<\/strong> https:\/\/www.zeit.de\/politik\/deutschland\/2025-08\/bodo-ramelow-nationalhymne-flagge-abstimmung<\/p>\n<blockquote><p>&#8222;Ich w\u00fcrde daher tats\u00e4chlich gerne die Kinderhymne von Bertolt Brecht zur Abstimmung stellen&#8220;, sagte Ramelow. &#8222;Die Kinderhymne hat einen wunderbaren Text. \u00dcber die Passage, dass ein besseres Deutschland bl\u00fche, k\u00f6nnten wir Zugang zu einer gesamtdeutschen Hymne finden, die wir alle zusammen mit Freude singen k\u00f6nnten&#8220;<\/p><\/blockquote>\n<blockquote><p>&#8222;Ich wei\u00df, dass Schwarz-Rot-Gold die Absage an totalit\u00e4re Strukturen ist. Viele fremdeln aber auch mit der Nationalfahne&#8220;<\/p><\/blockquote>\n<h2>Bertolt Brecht Hymne<\/h2>\n<p>Ramelow wuenscht sich die <a href=\"https:\/\/www.deutschelyrik.de\/kinderhymne-1950.html\">Hymne von Bertolt Brecht<\/a>. <\/p>\n<blockquote><p>1. Anmut sparet nicht noch M\u00fche<br \/>\nLeidenschaft nicht noch Verstand<br \/>\nDa\u00df ein gutes Deutschland bl\u00fche<br \/>\nWie ein andres gutes Land.<\/p>\n<p>2. Da\u00df die V\u00f6lker nicht erbleichen<br \/>\nWie vor einer R\u00e4uberin<br \/>\nSondern ihre H\u00e4nde reichen<br \/>\nUns wie andern V\u00f6lkern hin.<\/p>\n<p>3. Und nicht \u00fcber und nicht unter<br \/>\nAndern V\u00f6lkern wolln wir sein<br \/>\nVon der See bis zu den Alpen<br \/>\nVon der Oder bis zum Rhein.<\/p>\n<p>4. Und weil wir dies Land verbessern<br \/>\nLieben und beschirmen wir&#8217;s<br \/>\nUnd das Liebste mag&#8217;s uns scheinen<br \/>\nSo wie andern V\u00f6lkern ihrs.<\/p><\/blockquote>\n<!--[if lt IE 9]><script>document.createElement('audio');<\/script><![endif]-->\n<audio class=\"wp-audio-shortcode\" id=\"audio-3751-1\" preload=\"none\" style=\"width: 100%;\" controls=\"controls\"><source type=\"audio\/mpeg\" src=\"https:\/\/www.thetawelle.de\/wp-upload\/deutschland_hymne_brecht.mp3?_=1\" \/><a href=\"https:\/\/www.thetawelle.de\/wp-upload\/deutschland_hymne_brecht.mp3\">https:\/\/www.thetawelle.de\/wp-upload\/deutschland_hymne_brecht.mp3<\/a><\/audio>\n<p><small><strong>Why do I blog this?<\/strong> Weil dieser Entwurf f\u00fcr das Rebranding von meinen Steuern bezahlt wurde und nie realisiert wurde. Und weil der Content per Zwangs-Pay-TV damals ausgesendet wurde und er damit Allgemeingut ist. Die Idee f\u00fcr dieses Rebranding per Flaggen\u00e4nderung ist eigentlich ziemlich gut. und sie w\u00fcrde uns mehr zu Europ\u00e4ern machen. Mir gef\u00e4llt insbesondere der Austausch der schwarzen Farbe durch das Blau.<\/p>\n<p>Etwaige Anw\u00e4lte die den Inhalt unterdr\u00fccken und entfernen lassen wollen wenden sich bitte an die Adresse im Impressum und d\u00fcrfen sich dann auf eine Gegenklage freuen, weil das mit der Aussendung per ZDF im Jahre 1999 geb\u00fchrenfinanziertes Allgemeingut geworden ist. Und das werde ich auch notfalls in einem Musterprozess bis vor den EU Gerichtshof durchfechten. Just sayin&#8216;!<\/small><\/p>\n","protected":false},"excerpt":{"rendered":"<p>Wusstet ihr, dass es mal eine Initiative gab (vor 15 Jahren), Deutschland mit einer neuen Flagge zu versehen? Und der Vorschlag war sogar richtig gut. Am 10. Januar 1999 hat das ZDF dar\u00fcber mal berichtet in einer verlorenen Sendung zu \u00fcbelster Sendezeit so nach 22 Uhr. Ich hab jetzt beim Aufr\u00e4umen ein paar Screenshots gefunden &hellip; <a href=\"https:\/\/www.thetawelle.de\/?p=3751\" class=\"more-link\"><span class=\"screen-reader-text\">\u201eRebranding Germany\u201c <\/span>weiterlesen<\/a><\/p>\n","protected":false},"author":1,"featured_media":0,"comment_status":"open","ping_status":"open","sticky":false,"template":"","format":"standard","meta":{"footnotes":""},"categories":[9,86,68,2],"tags":[],"class_list":["post-3751","post","type-post","status-publish","format-standard","hentry","category-studien","category-future-2","category-hardware","category-gefunden"],"_links":{"self":[{"href":"https:\/\/www.thetawelle.de\/index.php?rest_route=\/wp\/v2\/posts\/3751","targetHints":{"allow":["GET"]}}],"collection":[{"href":"https:\/\/www.thetawelle.de\/index.php?rest_route=\/wp\/v2\/posts"}],"about":[{"href":"https:\/\/www.thetawelle.de\/index.php?rest_route=\/wp\/v2\/types\/post"}],"author":[{"embeddable":true,"href":"https:\/\/www.thetawelle.de\/index.php?rest_route=\/wp\/v2\/users\/1"}],"replies":[{"embeddable":true,"href":"https:\/\/www.thetawelle.de\/index.php?rest_route=%2Fwp%2Fv2%2Fcomments&post=3751"}],"version-history":[{"count":0,"href":"https:\/\/www.thetawelle.de\/index.php?rest_route=\/wp\/v2\/posts\/3751\/revisions"}],"wp:attachment":[{"href":"https:\/\/www.thetawelle.de\/index.php?rest_route=%2Fwp%2Fv2%2Fmedia&parent=3751"}],"wp:term":[{"taxonomy":"category","embeddable":true,"href":"https:\/\/www.thetawelle.de\/index.php?rest_route=%2Fwp%2Fv2%2Fcategories&post=3751"},{"taxonomy":"post_tag","embeddable":true,"href":"https:\/\/www.thetawelle.de\/index.php?rest_route=%2Fwp%2Fv2%2Ftags&post=3751"}],"curies":[{"name":"wp","href":"https:\/\/api.w.org\/{rel}","templated":true}]}}