{"id":2742,"date":"2013-09-06T23:19:07","date_gmt":"2013-09-06T22:19:07","guid":{"rendered":"http:\/\/www.thetawelle.de\/?p=2742"},"modified":"2014-01-08T13:24:59","modified_gmt":"2014-01-08T12:24:59","slug":"freiheit-statt-angst","status":"publish","type":"post","link":"https:\/\/www.thetawelle.de\/?p=2742","title":{"rendered":"Freiheit statt Angst"},"content":{"rendered":"<style type=\"text\/css\">\n.rounded-corners {\n     -moz-border-radius: 7px;\n    -webkit-border-radius: 7px;\n    -khtml-border-radius: 7px;\n    border-radius: 7px;\ntext-align:center;\nwidth:543px;border:1px solid #C0041A;\nbackground-color:#C0041A;\ncolor:white;\nfont-size:45px;\nline-height:55px;\n}\n<\/style>\n<p><a href=\"<a href=\"http:\/\/blog.freiheitstattangst.de\/\"><img loading=\"lazy\" decoding=\"async\" style=\"margin-top:100x;\" src=\"\/wp-upload\/fsa13_banner.png\" width=\"550\" height=\"124\" \/><\/a><br CLEAR=ALL><\/p>\n<h3>#FSA13: Lass uns eine gef\u00fchlte Demo machen<\/h3>\n<p>Ich verzichte auf weitere Worte der <strong>Nachlese zur #FSA13<\/strong>, weil <a href=\"http:\/\/kiezneurotiker.blogspot.de\/2013\/09\/regierung-tritt-zuruck-freiheit-statt.html\"><strong>hiermit<\/strong><\/a> und <a href=\"http:\/\/zweifeln.org\/fsa13-rant\/\">hiermit<\/a> und <a href=\"http:\/\/todamax.kicks-ass.net\/2013\/freiheit-statt-angst-2013-wir-haben-verloren\/\">hiermit<\/a>, sowie dieser <a href=\"http:\/\/www.webwriting-magazin.de\/freiheit-statt-angst-2013-eine-kommentierte-linkliste-zur-demo\/\">Linkliste<\/a> alles gesagt wurde. Wenn mir doch noch was einf\u00e4llt trage ich es hier nach. Aber ich habe eine neue Kategorie in meinem Blog hinzugef\u00fcgt (das passiert nicht sehr h\u00e4ufig): <strong><a href=\"http:\/\/www.thetawelle.de\/?cat=91\">Bullshit<\/a><\/strong>, f\u00fcr alle Dinge die extrem bzw. maximal \u00e4rgerlich sind.<\/p>\n<h3>Wie man eine Demonstration des P\u00f6bel effektiv sabotiert<\/h3>\n<p>Damit das wertvolle Kulturwissen, dass ja durch die Anwesenheit unserer Polizeibeamten teuer verifiziert wurde, nicht verloren geht, dokumentiere ich hier mal f\u00fcr unsere lieben Bundesbeamten und unsere geliebte Bundesregierung, wie man eine Demonstration des nervigen P\u00f6bel m\u00f6glichst effektiv sabotieren kann.<\/p>\n<h3>1, 2, 3, &#8230; Demospa\u00df vorbei! Yuchei!<\/h3>\n<p>Merken sie sich als angehender Demo-Saboteur einfach <strong>&#8222;1, 2, 3, &#8230; Demospa\u00df vorbei! Yuchei!&#8220;<\/strong>, denn die Regel nach der man jede beliebige und ja doch immer h\u00f6chst unbequeme Demo des P\u00f6bel loswerden kann ist ganz einfach. Ziehen sie mit einem Zirkel einen 3-Kilometerradius um sich herum. Dann w\u00e4hlen sie auf dem Kreis einen Mittelpunkt um den die Demo sich totlaufen soll. Und dann m\u00fcssen sie dem Veranstalter nur noch den Mittelpunkt der Demo \u00fcbermitteln, die Strecke begrenzen in der Kilometeranzahl (das Ganze soll ja nicht zu lange dauern! Polizisten wollen ja schlie\u00dflich auch mal Feierabend haben!). Voila, Sabotage gegl\u00fcckt!<\/p>\n<p>Nun k\u00f6nnen sie es sich im Sonnenstuhl bequem machen, selbst eventueller Trillerpfeifenl\u00e4rm wird sie bei g\u00fcnstiger Windrichtung nicht erreichen. Extrabeliebt bei der Bundeskanzlerin k\u00f6nnen sie sich als Bundesbeamter machen, wenn sie die Demo-Route auf ein Wochenende legen (dann muss die Regierung sich das Elend gar nicht erst ansehen, da sie ja maximal Montag bis Freitagnachmittag anwesend ist). Ihr Handeln wird sie f\u00fcr eine sichere Bef\u00f6rderung qualifizieren, wenn sie dem Veranstalter der Demo auch gleich noch die Stra\u00dfen exakt vorschreiben, die er zu nehmen hat. Wenn diese Stra\u00dfen am Demonstrationstag auch noch menschenleer sind, dann haben sie wahrlich das Zeug dazu zum zuk\u00fcnftigen <strong>Chefplaner von Demonstrationen<\/strong> zu werden. Bem\u00fchen sie sich einfach und halten sie sich an diese einfachen Regeln:<\/p>\n<ol>\n<li>Niemals 3 Kilometer Mittelpunktabstand f\u00fcr die Totlaufstrecke unterschreiten (1,2,3-Regel)<\/li>\n<li>Wenn m\u00f6glich auf das Wochenende legen, man will ab Montag wieder in Ruhe arbeiten k\u00f6nnen<\/li>\n<li>Freitagnachmittag hat seine Vorteile, dann k\u00f6nnen Demoteilnehmer nur teuer anreisen (keine g\u00fcnstigen Wochenendtickets)<\/li>\n<li>Wenn m\u00f6glich die Stra\u00dfen exakt festlegen (das zeigt auch dem Veranstalter wer der Boss ist)<\/li>\n<li>Wenn m\u00f6glich durch menschenleere Stra\u00dfenz\u00fcge schicken (z.B. Industriegebiete, Bankenviertel, Gro\u00dfb\u00fcrokomplexe in denen am Wochenende eh niemand anwesend ist)<\/li>\n<\/ol>\n<p>Hier nochmal eine Skizze am Beispiel der <strong><a href=\"http:\/\/blog.freiheitstattangst.de\/\">erfolgreich sabotierten &#8222;Freiheit statt Angst&#8220; Demo, am 7. September 2013<\/a><\/strong> in Berlin, die bestens geplant und umgesetzt wurde von unseren kompetentesten Bundesbeamten. Nehmen sie sich ein Beispiel und lernen sie! Sabotage kann manchmal so einfach sein. Und nicht vergessen: <strong>&#8222;1, 2, 3, &#8230; Demospa\u00df vorbei! Yuchei!&#8220;<\/strong>, Niemals die 3 Kilometergrenze unterschreiten, und sie werden jederzeit ruhig schlafen k\u00f6nnen. Und B\u00fcroschlaf &#8211; das wissen sie als Bundesbeamter selbst am Besten &#8211; ist schlie\u00dflich der ges\u00fcndeste Schlaf, den sollte man sich nicht unn\u00f6tiger Weise durch inkompetente Planung vermasseln lassen.<\/p>\n<h3>Merkblatt f\u00fcr Bundesbeamte<\/h3>\n<p>Sehen sie nachfolgend in der Grafik, wie effektiv dieses <strong>3-Kilometer-Verfahren<\/strong> funktioniert. Und denken sie immer daran, auch einen unwilligen Demo-Veranstalter k\u00f6nnen sie gef\u00fcgig machen. Behaupten sie einfach, dass <a href=\"http:\/\/blog.freiheitstattangst.de\/2013\/08\/neuer-standort-fur-die-demo-%E2%80%93-alexanderplatz\/\">soviele Demoteilnehmer zu erwarten sind, dass da ja Chaos ausbrechen wird, wenn die alle auf seiner vorgeschlagenen Route laufen<\/a>. Er wird sich gebauchpinselt f\u00fchlen, dass sie ihm unterstellen, er w\u00fcrde sehr viele Teilnehmer zusammenbekommen und selbstverst\u00e4ndlich zustimmen! Auch dieses Vorgehen hat sich als sehr effektiv erwiesen und sollte immer wieder eingesetzt werden, f\u00fcr die erfolgreiche Demo-Sabotage.<br \/>\n<center><a href=\"\/wp-upload\/sabotage_big.png\"><img loading=\"lazy\" decoding=\"async\" data-id=\"2798\"  src=\"\/wp-upload\/sabotage.png\" width=\"550\" height=\"391\" class=\"aligncenter size-full wp-image-2798\" srcset=\"https:\/\/www.thetawelle.de\/wp-upload\/sabotage.png 550w, https:\/\/www.thetawelle.de\/wp-upload\/sabotage-300x213.png 300w\" sizes=\"auto, (max-width: 550px) 85vw, 550px\" \/><\/a><br \/>\n<small>Quelle: Eigene Recherche \/ OpKulturwissenBewahrung<\/small><\/center><\/p>\n<p><strong>Update 9.9.2013:<\/strong> Ich habe den Post zus\u00e4tzlich in die Kategorie &#8222;Best Practice &#038; Leadership&#8220; einsortiert, also dort, wo wichtiges Prozesswissen am Besten aufgehoben ist.<\/p>\n<p><em>Was vom Event \u00fcbrig blieb:<\/em><br \/>\n<strong>Aufzeichnung\/Zusammenschnitt der Auftaktveranstaltung<\/strong><br \/>\n<center><iframe loading=\"lazy\" width=\"550\" height=\"360\" src=\"http:\/\/www.youtube.com\/embed\/oX3xUrbJCI0?feature=player_embedded\" frameborder=\"0\" allowfullscreen><\/iframe><br \/>\n<small>Quelle: Humanistischer Pressedienst<\/small><\/center><\/p>\n<ul>\n<li><a href=\"http:\/\/www.tagesschau.de\/multimedia\/video\/video1334150.html\">25 Sekunden Video, ARD<\/a><\/li>\n<li><a href=\"http:\/\/www.youtube.com\/watch?v=a5WZdLmiqhc\">25 Sekunden Video, ZDF<\/a><\/li>\n<li><a href=\"http:\/\/www.n-tv.de\/politik\/Ueberwachungsgegner-demonstrieren-article11323856.html\">Artikel, n-tv<\/a><\/li>\n<li><a href=\"http:\/\/www.dradio.de\/aktuell\/2243223\/\">Artikel, Deutschlandradio<\/a><\/li>\n<li><a href=\"http:\/\/www.spiegel.de\/netzwelt\/netzpolitik\/freiheit-statt-angst-2013-demonstration-gegen-nsa-ueberwachung-a-920927.html\">Artikel, SpiegelOnline<\/a><\/li>\n<li><a href=\"http:\/\/www.berliner-zeitung.de\/berlin\/-freiheit-statt-angst--demo-am-alexanderplatz-tausende-menschen-fordern-freiheit-,10809148,24239598.html\">Artikel, Berliner Zeitung<\/a><\/li>\n<li><a href=\"http:\/\/www.taz.de\/Freiheit-statt-Angst-Demo-in-Berlin\/!123329\/\">Artikel, taz<\/a><\/li>\n<li><a href=\"http:\/\/hpd.de\/node\/16633\">Artikel, Humanistischer Pressedienst<\/a><\/li>\n<li><a href=\"http:\/\/www.heise.de\/newsticker\/meldung\/Freiheit-statt-Angst-Wir-muessen-das-Internet-zurueckerobern-1952059.html\">Artikel, heise<\/a><\/li>\n<li><a href=\"http:\/\/www.golem.de\/news\/20-000-bei-freiheit-statt-angst-appelbaum-fordert-starke-verschluesselung-fuer-alle-1309-101452.html\">Artikel, golem<\/a><\/li>\n<li><a href=\"https:\/\/netzpolitik.org\/2013\/freiheit-statt-angst-mit-zehntausenden-leuten-auf-der-strasse-in-berlin\/\">Artikel, netzpolitik<\/a><\/li>\n<li><a href=\"http:\/\/www.welt.de\/newsticker\/dpa_nt\/infoline_nt\/brennpunkte_nt\/article119801132\/Tausende-Ueberwachungsgegner-protestieren-in-Berlin.html\">Artikel, dpa<\/a><\/li>\n<li><em>Noch ein paar Lokalbl\u00e4ttchen rund um Berlin, und das war es dann&#8230;<\/em><\/li>\n<\/ul>\n<p><small><strong>Why do I blog this?<\/strong> Ich hatte mir Hoffnung gemacht, dass das Wissen um die nationalsozialistische Diktatur und ihre GESTAPO sowie um die sozialistische Dikatur und ihre STASI vielleicht einige Menschen hat lernen lassen. Aber ich bin nunmehr der festen (sehr pessimistischen!) \u00dcberzeugung, dass wir bereits schon wieder eine Diktatur bekommen haben. Es gibt &#038; gab leider keinen Lerneffekt aus der Geschichte, es gibt nur das Ego und seine Nutzenmaximierung bei maximaler Bequemlichkeit und maximaler Ausblendung der Realit\u00e4t. Gehen sie also bitte weiter, es gibt hier nichts zu sehen&#8230;<\/small><\/p>\n","protected":false},"excerpt":{"rendered":"","protected":false},"author":1,"featured_media":0,"comment_status":"open","ping_status":"open","sticky":false,"template":"","format":"standard","meta":{"footnotes":""},"categories":[17,16,91,69,2],"tags":[],"class_list":["post-2742","post","type-post","status-publish","format-standard","hentry","category-best-practice","category-breaking-news","category-bullshit","category-wtf11","category-gefunden"],"_links":{"self":[{"href":"https:\/\/www.thetawelle.de\/index.php?rest_route=\/wp\/v2\/posts\/2742","targetHints":{"allow":["GET"]}}],"collection":[{"href":"https:\/\/www.thetawelle.de\/index.php?rest_route=\/wp\/v2\/posts"}],"about":[{"href":"https:\/\/www.thetawelle.de\/index.php?rest_route=\/wp\/v2\/types\/post"}],"author":[{"embeddable":true,"href":"https:\/\/www.thetawelle.de\/index.php?rest_route=\/wp\/v2\/users\/1"}],"replies":[{"embeddable":true,"href":"https:\/\/www.thetawelle.de\/index.php?rest_route=%2Fwp%2Fv2%2Fcomments&post=2742"}],"version-history":[{"count":0,"href":"https:\/\/www.thetawelle.de\/index.php?rest_route=\/wp\/v2\/posts\/2742\/revisions"}],"wp:attachment":[{"href":"https:\/\/www.thetawelle.de\/index.php?rest_route=%2Fwp%2Fv2%2Fmedia&parent=2742"}],"wp:term":[{"taxonomy":"category","embeddable":true,"href":"https:\/\/www.thetawelle.de\/index.php?rest_route=%2Fwp%2Fv2%2Fcategories&post=2742"},{"taxonomy":"post_tag","embeddable":true,"href":"https:\/\/www.thetawelle.de\/index.php?rest_route=%2Fwp%2Fv2%2Ftags&post=2742"}],"curies":[{"name":"wp","href":"https:\/\/api.w.org\/{rel}","templated":true}]}}